{"id":233812,"date":"2016-03-22T15:15:57","date_gmt":"2016-03-22T15:15:57","guid":{"rendered":"https:\/\/casanostra-biel.ch\/?p=233812"},"modified":"2025-12-02T13:50:52","modified_gmt":"2025-12-02T13:50:52","slug":"entretien-avec-le-fondateur-fritz-freuler","status":"publish","type":"post","link":"https:\/\/casanostra-biel.ch\/fr\/interview-mit-dem-grunder-fritz-freuler\/","title":{"rendered":"Entretien avec le fondateur Fritz Freuler"},"content":{"rendered":"<p><br>Un bilan pour les 25 ans d'existence : Le fondateur de Casanostra, Fritz Freuler, parle des d\u00e9buts et des perspectives, des louanges et des reproches, des \u00e9checs et des succ\u00e8s.<\/p>\n\n\n\n<blockquote class=\"wp-block-quote is-layout-flow wp-block-quote-is-layout-flow\">\n<p>\"Nous ne sommes pas un aspirateur \u00e0 salet\u00e9s\"<\/p>\n<\/blockquote>\n\n\n\n<p>Vers <a href=\"https:\/\/casanostra-biel.ch\/wp-content\/uploads\/2017\/03\/erich-fehr-interview-fr.pdf\">Interview<\/a><\/p>","protected":false},"excerpt":{"rendered":"<p>Eine Bilanz zum 25-j\u00e4hrigen Bestehen: Casanostra-Gr\u00fcnder Fritz Freuler \u00fcber Anf\u00e4nge und Perspektiven, Lob und Tadel, Misserfolg und Erfolg. \u00abWir sind kein Staubsauger f\u00fcr den Dreck\u00bb Zur Interview<\/p>","protected":false},"author":12,"featured_media":233813,"comment_status":"open","ping_status":"closed","sticky":false,"template":"","format":"standard","meta":{"_et_pb_use_builder":"off","_et_pb_old_content":"","_et_gb_content_width":"","footnotes":""},"categories":[21],"tags":[],"class_list":["post-233812","post","type-post","status-publish","format-standard","has-post-thumbnail","hentry","category-news"],"_links":{"self":[{"href":"https:\/\/casanostra-biel.ch\/fr\/wp-json\/wp\/v2\/posts\/233812","targetHints":{"allow":["GET"]}}],"collection":[{"href":"https:\/\/casanostra-biel.ch\/fr\/wp-json\/wp\/v2\/posts"}],"about":[{"href":"https:\/\/casanostra-biel.ch\/fr\/wp-json\/wp\/v2\/types\/post"}],"author":[{"embeddable":true,"href":"https:\/\/casanostra-biel.ch\/fr\/wp-json\/wp\/v2\/users\/12"}],"replies":[{"embeddable":true,"href":"https:\/\/casanostra-biel.ch\/fr\/wp-json\/wp\/v2\/comments?post=233812"}],"version-history":[{"count":0,"href":"https:\/\/casanostra-biel.ch\/fr\/wp-json\/wp\/v2\/posts\/233812\/revisions"}],"wp:featuredmedia":[{"embeddable":true,"href":"https:\/\/casanostra-biel.ch\/fr\/wp-json\/wp\/v2\/media\/233813"}],"wp:attachment":[{"href":"https:\/\/casanostra-biel.ch\/fr\/wp-json\/wp\/v2\/media?parent=233812"}],"wp:term":[{"taxonomy":"category","embeddable":true,"href":"https:\/\/casanostra-biel.ch\/fr\/wp-json\/wp\/v2\/categories?post=233812"},{"taxonomy":"post_tag","embeddable":true,"href":"https:\/\/casanostra-biel.ch\/fr\/wp-json\/wp\/v2\/tags?post=233812"}],"curies":[{"name":"wp","href":"https:\/\/api.w.org\/{rel}","templated":true}]}}